{"id":8529,"date":"2012-07-24T12:18:27","date_gmt":"2012-07-24T18:18:27","guid":{"rendered":"http:\/\/elcronistadigital.com\/?p=8529"},"modified":"2012-07-24T12:18:34","modified_gmt":"2012-07-24T18:18:34","slug":"ingeniero-oswaldo-paya-sardinas","status":"publish","type":"post","link":"https:\/\/elcronistadigital.com\/?p=8529","title":{"rendered":"Ingeniero Oswaldo Paya Sardi\u00f1as"},"content":{"rendered":"<div id=\"attachment_8530\" style=\"width: 310px\" class=\"wp-caption alignleft\"><a href=\"https:\/\/elcronistadigital.com\/?attachment_id=8530\" rel=\"attachment wp-att-8530\"><img loading=\"lazy\" decoding=\"async\" aria-describedby=\"caption-attachment-8530\" class=\"size-medium wp-image-8530\" title=\"Oswaldo Paya y Harold Cepero\" src=\"https:\/\/elcronistadigital.com\/wp-content\/uploads\/2012\/07\/Oswaldo-Paya-y-Harold-Cepero-300x213.jpg\" alt=\"\" width=\"300\" height=\"213\" srcset=\"https:\/\/elcronistadigital.com\/wp-content\/uploads\/2012\/07\/Oswaldo-Paya-y-Harold-Cepero-300x213.jpg 300w, https:\/\/elcronistadigital.com\/wp-content\/uploads\/2012\/07\/Oswaldo-Paya-y-Harold-Cepero-342x243.jpg 342w, https:\/\/elcronistadigital.com\/wp-content\/uploads\/2012\/07\/Oswaldo-Paya-y-Harold-Cepero-90x65.jpg 90w, https:\/\/elcronistadigital.com\/wp-content\/uploads\/2012\/07\/Oswaldo-Paya-y-Harold-Cepero.jpg 448w\" sizes=\"auto, (max-width: 300px) 100vw, 300px\" \/><\/a><p id=\"caption-attachment-8530\" class=\"wp-caption-text\">Oswaldo Paya y Harold Cepero.<\/p><\/div>\n<p>* La trascendencia de un pol\u00edtico cristiano ejemplar<\/p>\n<p>Agust\u00edn Jarqu\u00edn Anaya<\/p>\n<p>La repentina y tr\u00e1gica partida del Ingeniero Oswaldo Paya, nos causa conmoci\u00f3n y un vac\u00edo a quienes gozamos de su amistad y conocimos de sus profundos principios cristianos, de su ilimitada vocaci\u00f3n de servicio a su pr\u00f3jimo y de su entra\u00f1able amor a su Patria: Cuba y a su pueblo.<\/p>\n<p>Sin embargo, convencidos de que \u201cel Se\u00f1or escribe recto con trazos torcidos, que en el momento no entendemos\u201d, comprendemos que al concluir su faena en esta tierra y transitar al nuevo estado de felicidad suprema a su lado, Oswaldo nos lega el modelo del &#8216;pol\u00edtico cristiano ejemplar\u2019 que es digno de imitar.<\/p>\n<p>Al trascender, a sus compatriotas, -como parte de su legado-, deja con m\u00e1s realce sus proyectos (entre los que destacan dos: \u201cTodos Cubanos\u201d y el \u201cProyecto Varela\u201d), que son gu\u00eda en el camino hacia la reconciliaci\u00f3n y el desarrollo integral sostenible y con equidad, de ese heroico, solidario y fraterno pueblo de Cuba.<\/p>\n<p>A su esposa Ofelia, a sus hijos Rosa Mar\u00eda, Oswaldo Jos\u00e9 y Reynaldo, a su familia y a sus hermanos del \u2018Movimiento Cristiano Liberaci\u00f3n (MCL)\u2019, les expresamos nuestra solidaridad y nuestra pena; pero tambi\u00e9n nuestra admiraci\u00f3n y gratitud, por este ap\u00f3stol, que como San Pablo, se entreg\u00f3 con entusiasmo a la tarea que le dispuso nuestro Creador.<\/p>\n","protected":false},"excerpt":{"rendered":"<p>* La trascendencia de un pol\u00edtico cristiano ejemplar Agust\u00edn Jarqu\u00edn Anaya La repentina y tr\u00e1gica partida del Ingeniero Oswaldo Paya, nos causa conmoci\u00f3n y un vac\u00edo a quienes gozamos de su amistad y conocimos de sus profundos principios cristianos, de su ilimitada vocaci\u00f3n de servicio a su pr\u00f3jimo y de su entra\u00f1able amor a su [&hellip;]<\/p>\n","protected":false},"author":1,"featured_media":8530,"comment_status":"open","ping_status":"open","sticky":false,"template":"","format":"standard","meta":{"om_disable_all_campaigns":false,"_monsterinsights_skip_tracking":false,"_monsterinsights_sitenote_active":false,"_monsterinsights_sitenote_note":"","_monsterinsights_sitenote_category":0,"footnotes":""},"categories":[15,12],"tags":[],"class_list":["post-8529","post","type-post","status-publish","format-standard","has-post-thumbnail","hentry","category-politca","category-blugs"],"aioseo_notices":[],"_links":{"self":[{"href":"https:\/\/elcronistadigital.com\/index.php?rest_route=\/wp\/v2\/posts\/8529","targetHints":{"allow":["GET"]}}],"collection":[{"href":"https:\/\/elcronistadigital.com\/index.php?rest_route=\/wp\/v2\/posts"}],"about":[{"href":"https:\/\/elcronistadigital.com\/index.php?rest_route=\/wp\/v2\/types\/post"}],"author":[{"embeddable":true,"href":"https:\/\/elcronistadigital.com\/index.php?rest_route=\/wp\/v2\/users\/1"}],"replies":[{"embeddable":true,"href":"https:\/\/elcronistadigital.com\/index.php?rest_route=%2Fwp%2Fv2%2Fcomments&post=8529"}],"version-history":[{"count":5,"href":"https:\/\/elcronistadigital.com\/index.php?rest_route=\/wp\/v2\/posts\/8529\/revisions"}],"predecessor-version":[{"id":8535,"href":"https:\/\/elcronistadigital.com\/index.php?rest_route=\/wp\/v2\/posts\/8529\/revisions\/8535"}],"wp:featuredmedia":[{"embeddable":true,"href":"https:\/\/elcronistadigital.com\/index.php?rest_route=\/wp\/v2\/media\/8530"}],"wp:attachment":[{"href":"https:\/\/elcronistadigital.com\/index.php?rest_route=%2Fwp%2Fv2%2Fmedia&parent=8529"}],"wp:term":[{"taxonomy":"category","embeddable":true,"href":"https:\/\/elcronistadigital.com\/index.php?rest_route=%2Fwp%2Fv2%2Fcategories&post=8529"},{"taxonomy":"post_tag","embeddable":true,"href":"https:\/\/elcronistadigital.com\/index.php?rest_route=%2Fwp%2Fv2%2Ftags&post=8529"}],"curies":[{"name":"wp","href":"https:\/\/api.w.org\/{rel}","templated":true}]}}