{"id":8546,"date":"2012-07-24T14:55:32","date_gmt":"2012-07-24T20:55:32","guid":{"rendered":"http:\/\/elcronistadigital.com\/?p=8546"},"modified":"2012-07-24T14:55:32","modified_gmt":"2012-07-24T20:55:32","slug":"marcha-anti-pena","status":"publish","type":"post","link":"https:\/\/elcronistadigital.com\/?p=8546","title":{"rendered":"Marcha anti-Pe\u00f1a"},"content":{"rendered":"<p><a href=\"https:\/\/elcronistadigital.com\/?attachment_id=8547\" rel=\"attachment wp-att-8547\"><img loading=\"lazy\" decoding=\"async\" class=\"alignleft size-medium wp-image-8547\" title=\"Marcha contra pe\u00f1a nieto\" src=\"https:\/\/elcronistadigital.com\/wp-content\/uploads\/2012\/07\/Marcha-contra-pe\u00f1a-nieto-300x225.jpg\" alt=\"\" width=\"300\" height=\"225\" srcset=\"https:\/\/elcronistadigital.com\/wp-content\/uploads\/2012\/07\/Marcha-contra-pe\u00f1a-nieto-300x225.jpg 300w, https:\/\/elcronistadigital.com\/wp-content\/uploads\/2012\/07\/Marcha-contra-pe\u00f1a-nieto-60x45.jpg 60w, https:\/\/elcronistadigital.com\/wp-content\/uploads\/2012\/07\/Marcha-contra-pe\u00f1a-nieto-150x113.jpg 150w, https:\/\/elcronistadigital.com\/wp-content\/uploads\/2012\/07\/Marcha-contra-pe\u00f1a-nieto-269x201.jpg 269w, https:\/\/elcronistadigital.com\/wp-content\/uploads\/2012\/07\/Marcha-contra-pe\u00f1a-nieto.jpg 320w\" sizes=\"auto, (max-width: 300px) 100vw, 300px\" \/><\/a>La tercera Marcha Nacional contra la Imposici\u00f3n, que cuestiona el triunfo del candidato del PRI, Enrique Pe\u00f1a Nieto, se realiz\u00f3 el pasado domingo en una veintena de ciudades del pa\u00eds. A las consignas contra el priista se a\u00f1adieron la dirigidas contra el IFE y las que ped\u00edan el Tribunal Electoral anule la elecci\u00f3n.<\/p>\n<p>En la ciudad de M\u00e9xico tuvo lugar la mayor concentraci\u00f3n que se calcula entre 32 mil personas, seg\u00fan la Secretar\u00eda de Seguridad P\u00fablica del Distrito Federal (SSPDF), y menos de 20 mil de acuerdo a lo registrado por diversos medios. En la marcha del pasado seis de julio hubo 100 mil en versi\u00f3n de la SSPDF.<\/p>\n<p>Sin duda que todo mundo tiene derecho a expresarse y la marcha es una manera, pero hoy d\u00eda ya no parece ser un buen medio para convocar y lograr los objetivos que se proponen sus organizadores. Eso vale para \u00e9sta, pero tambi\u00e9n para otras marchas. Hoy d\u00eda existen mecanismos m\u00e1s rentables y productivos que hay que ubicar en cada caso.<\/p>\n<p>La asistencia mayoritaria del pasado domingo fueron integrantes del movimiento #YoSoy132, una generaci\u00f3n educada en el Internet, el manejo de las nuevas tecnolog\u00edas y las redes sociales, pero no en la l\u00f3gica del mitin y del acarreo tan propios de la vieja cultura pol\u00edtica mexicana que es com\u00fan a otros pa\u00edses de Am\u00e9rica Latina y Europa.<\/p>\n<p>El problema de las marchas y los m\u00edtines es que s\u00f3lo re\u00fanen a los ya convencidos, que com\u00fanmente son minor\u00edas. Las mayor\u00edas se expresan de otra manera. La del domingo result\u00f3 un mecanismo para expresar enojo y estar en los medios, pero no abona a cambiar las leyes y tampoco a obtener lo que piden. El frente de lucha est\u00e1 en otro lado y no en la calle.<\/p>\n<p>Los n\u00fameros del domingo se\u00f1alan una disminuci\u00f3n real de asistentes, que seguramente, si sus organizadores insisten en este recurso, van a ser menos. Hay que seguir mejorando el proceso electoral. Los problemas ya no son las viejas pr\u00e1cticas fraudulentas, la instalaci\u00f3n de las casillas, el conteo de los votos o la equidad en el uso de los medios durante la contienda.<\/p>\n<p>Donde hay que trabajar es pr\u00e1ctica que utilizan todos los partidos, para estar presentes en los medios antes de la campa\u00f1a oficial y con las maneras de \u201cconvencer\u201d a los electores de votar por ellos. La posibilidad de cambiar no est\u00e1 en la calle y s\u00ed en el Congreso y ah\u00ed habr\u00eda que dirigir la presi\u00f3n.<\/p>\n","protected":false},"excerpt":{"rendered":"<p>La tercera Marcha Nacional contra la Imposici\u00f3n, que cuestiona el triunfo del candidato del PRI, Enrique Pe\u00f1a Nieto, se realiz\u00f3 el pasado domingo en una veintena de ciudades del pa\u00eds. A las consignas contra el priista se a\u00f1adieron la dirigidas contra el IFE y las que ped\u00edan el Tribunal Electoral anule la elecci\u00f3n. En la [&hellip;]<\/p>\n","protected":false},"author":1,"featured_media":8547,"comment_status":"open","ping_status":"open","sticky":false,"template":"","format":"standard","meta":{"om_disable_all_campaigns":false,"_monsterinsights_skip_tracking":false,"_monsterinsights_sitenote_active":false,"_monsterinsights_sitenote_note":"","_monsterinsights_sitenote_category":0,"footnotes":""},"categories":[12],"tags":[],"class_list":["post-8546","post","type-post","status-publish","format-standard","has-post-thumbnail","hentry","category-blugs"],"aioseo_notices":[],"_links":{"self":[{"href":"https:\/\/elcronistadigital.com\/index.php?rest_route=\/wp\/v2\/posts\/8546","targetHints":{"allow":["GET"]}}],"collection":[{"href":"https:\/\/elcronistadigital.com\/index.php?rest_route=\/wp\/v2\/posts"}],"about":[{"href":"https:\/\/elcronistadigital.com\/index.php?rest_route=\/wp\/v2\/types\/post"}],"author":[{"embeddable":true,"href":"https:\/\/elcronistadigital.com\/index.php?rest_route=\/wp\/v2\/users\/1"}],"replies":[{"embeddable":true,"href":"https:\/\/elcronistadigital.com\/index.php?rest_route=%2Fwp%2Fv2%2Fcomments&post=8546"}],"version-history":[{"count":3,"href":"https:\/\/elcronistadigital.com\/index.php?rest_route=\/wp\/v2\/posts\/8546\/revisions"}],"predecessor-version":[{"id":8550,"href":"https:\/\/elcronistadigital.com\/index.php?rest_route=\/wp\/v2\/posts\/8546\/revisions\/8550"}],"wp:featuredmedia":[{"embeddable":true,"href":"https:\/\/elcronistadigital.com\/index.php?rest_route=\/wp\/v2\/media\/8547"}],"wp:attachment":[{"href":"https:\/\/elcronistadigital.com\/index.php?rest_route=%2Fwp%2Fv2%2Fmedia&parent=8546"}],"wp:term":[{"taxonomy":"category","embeddable":true,"href":"https:\/\/elcronistadigital.com\/index.php?rest_route=%2Fwp%2Fv2%2Fcategories&post=8546"},{"taxonomy":"post_tag","embeddable":true,"href":"https:\/\/elcronistadigital.com\/index.php?rest_route=%2Fwp%2Fv2%2Ftags&post=8546"}],"curies":[{"name":"wp","href":"https:\/\/api.w.org\/{rel}","templated":true}]}}