{"id":8733,"date":"2012-07-30T13:12:47","date_gmt":"2012-07-30T19:12:47","guid":{"rendered":"http:\/\/elcronistadigital.com\/?p=8733"},"modified":"2014-01-13T21:45:31","modified_gmt":"2014-01-14T03:45:31","slug":"a-30-anos-del-nobel-gabo-para-todos","status":"publish","type":"post","link":"https:\/\/elcronistadigital.com\/?p=8733","title":{"rendered":"A 30 a\u00f1os del Nobel, Gabo para todos"},"content":{"rendered":"<div id=\"attachment_8734\" style=\"width: 254px\" class=\"wp-caption alignleft\"><a href=\"https:\/\/elcronistadigital.com\/?attachment_id=8734\" rel=\"attachment wp-att-8734\"><img loading=\"lazy\" decoding=\"async\" aria-describedby=\"caption-attachment-8734\" class=\"size-medium wp-image-8734\" title=\"gabo01\" src=\"https:\/\/elcronistadigital.com\/wp-content\/uploads\/2012\/07\/gabo01-244x300.jpg\" alt=\"\" width=\"244\" height=\"300\" srcset=\"https:\/\/elcronistadigital.com\/wp-content\/uploads\/2012\/07\/gabo01-244x300.jpg 244w, https:\/\/elcronistadigital.com\/wp-content\/uploads\/2012\/07\/gabo01.jpg 280w\" sizes=\"auto, (max-width: 244px) 100vw, 244px\" \/><\/a><p id=\"caption-attachment-8734\" class=\"wp-caption-text\">Gabriel Garc\u00eda M\u00e1rquez.<\/p><\/div>\n<p>&#8216;Gabriel Garc\u00eda M\u00e1rquez Para Todos&#8217; es la colecci\u00f3n de Norma con la que celebra los 30 a\u00f1os de la entrega del Premio Nobel de Literatura al escritor colombiano, public\u00f3 este lunes El Espectador.<\/p>\n<p>Seg\u00fan la editorial, el lanzamiento \u00abbusca que la cultura est\u00e9 a la mano de cualquier persona, que cada hogar tenga al menos un libro de Gabo y que los lectores puedan completar toda la colecci\u00f3n de este importante autor\u00bb.<\/p>\n<p>&#8216;Gabriel Garc\u00eda M\u00e1rquez Para Todos&#8217; est\u00e1 compuesta por 15 t\u00edtulos: \u00abCien a\u00f1os de soledad\u00bb, \u00abCr\u00f3nica de una muerte anunciada\u00bb, \u00abDel amor y otros demonios\u00bb, \u00abDoce cuentos peregrinos\u00bb, \u00abEl amor en los tiempos del c\u00f3lera\u00bb, \u00abEl coronel no tiene quien le escriba\u00bb, \u00abEl general en su laberinto\u00bb, \u00abEl oto\u00f1o del patriarca\u00bb, \u00abLa hojarasca\u00bb, \u00abLa incre\u00edble y triste historia de la c\u00e1ndida Er\u00e9ndira y de su abuela desalmada\u00bb, \u00abLa mala hora\u00bb, \u00abLos funerales de la Mam\u00e1 Grande\u00bb, \u00abNoticia de un secuestro\u00bb, \u00abOjos de perro azul\u00bb y \u00abRelato de un n\u00e1ufrago\u00bb.<\/p>\n<p>La colecci\u00f3n, que se presenta en estuche de lujo, estar\u00e1 disponible de forma simult\u00e1nea en Colombia, Venezuela, Per\u00fa, Ecuador, Guatemala, Panam\u00e1 y Costa Rica. Adem\u00e1s, se podr\u00e1n adquirir las obras en cajas de cinco libros o, si lo prefiere, el lector podr\u00e1 comprar cada t\u00edtulo por separado.<\/p>\n","protected":false},"excerpt":{"rendered":"<p>&#8216;Gabriel Garc\u00eda M\u00e1rquez Para Todos&#8217; es la colecci\u00f3n de Norma con la que celebra los 30 a\u00f1os de la entrega del Premio Nobel de Literatura al escritor colombiano, public\u00f3 este lunes El Espectador. Seg\u00fan la editorial, el lanzamiento \u00abbusca que la cultura est\u00e9 a la mano de cualquier persona, que cada hogar tenga al menos [&hellip;]<\/p>\n","protected":false},"author":1,"featured_media":8734,"comment_status":"open","ping_status":"open","sticky":false,"template":"","format":"standard","meta":{"om_disable_all_campaigns":false,"_monsterinsights_skip_tracking":false,"_monsterinsights_sitenote_active":false,"_monsterinsights_sitenote_note":"","_monsterinsights_sitenote_category":0,"footnotes":""},"categories":[5,10,3524],"tags":[],"class_list":["post-8733","post","type-post","status-publish","format-standard","has-post-thumbnail","hentry","category-mundo","category-cultura","category-noticas"],"aioseo_notices":[],"_links":{"self":[{"href":"https:\/\/elcronistadigital.com\/index.php?rest_route=\/wp\/v2\/posts\/8733","targetHints":{"allow":["GET"]}}],"collection":[{"href":"https:\/\/elcronistadigital.com\/index.php?rest_route=\/wp\/v2\/posts"}],"about":[{"href":"https:\/\/elcronistadigital.com\/index.php?rest_route=\/wp\/v2\/types\/post"}],"author":[{"embeddable":true,"href":"https:\/\/elcronistadigital.com\/index.php?rest_route=\/wp\/v2\/users\/1"}],"replies":[{"embeddable":true,"href":"https:\/\/elcronistadigital.com\/index.php?rest_route=%2Fwp%2Fv2%2Fcomments&post=8733"}],"version-history":[{"count":4,"href":"https:\/\/elcronistadigital.com\/index.php?rest_route=\/wp\/v2\/posts\/8733\/revisions"}],"predecessor-version":[{"id":8737,"href":"https:\/\/elcronistadigital.com\/index.php?rest_route=\/wp\/v2\/posts\/8733\/revisions\/8737"}],"wp:featuredmedia":[{"embeddable":true,"href":"https:\/\/elcronistadigital.com\/index.php?rest_route=\/wp\/v2\/media\/8734"}],"wp:attachment":[{"href":"https:\/\/elcronistadigital.com\/index.php?rest_route=%2Fwp%2Fv2%2Fmedia&parent=8733"}],"wp:term":[{"taxonomy":"category","embeddable":true,"href":"https:\/\/elcronistadigital.com\/index.php?rest_route=%2Fwp%2Fv2%2Fcategories&post=8733"},{"taxonomy":"post_tag","embeddable":true,"href":"https:\/\/elcronistadigital.com\/index.php?rest_route=%2Fwp%2Fv2%2Ftags&post=8733"}],"curies":[{"name":"wp","href":"https:\/\/api.w.org\/{rel}","templated":true}]}}