{"id":892,"date":"2011-02-11T02:45:07","date_gmt":"2011-02-11T02:45:07","guid":{"rendered":"http:\/\/elcronistadigital.com\/?p=892"},"modified":"2011-06-02T02:48:32","modified_gmt":"2011-06-02T02:48:32","slug":"presidente-de-amcham-se-reunio-con-inversionistas-alemanes-interesados-en-generacion-de-energia","status":"publish","type":"post","link":"https:\/\/elcronistadigital.com\/?p=892","title":{"rendered":"Presidente de AMCHAM se reuni\u00f3 con inversionistas alemanes interesados en generaci\u00f3n de energ\u00eda"},"content":{"rendered":"<p><span>\u00a0<a href=\"https:\/\/elcronistadigital.com\/wp-content\/uploads\/2011\/02\/12.bmp\"><img decoding=\"async\" class=\"alignleft size-full wp-image-900\" title=\"1\" src=\"https:\/\/elcronistadigital.com\/wp-content\/uploads\/2011\/02\/12.bmp\" alt=\"\" \/><\/a><a href=\"https:\/\/elcronistadigital.com\/wp-content\/uploads\/2011\/02\/11.bmp\"><\/a><a href=\"https:\/\/elcronistadigital.com\/wp-content\/uploads\/2011\/02\/1.bmp\"><\/a><\/span><\/p>\n<p><a href=\"https:\/\/elcronistadigital.com\/wp-content\/uploads\/2011\/06\/Yal\u00c3\u00ad-Molina1.jpg\"><\/a><\/p>\n<p style=\"text-align: justify;\">El presidente de la Junta Directiva de la C\u00e1mara de Comercio Americana de Nicaragua, doctor Yal\u00ed Molina Palacios, se reuni\u00f3 ayer con representantes de la empresa alemana Erneurbare Energie Projekte (EEP), presididos por el director corporativo Andreas Leffingrrhausen.<\/p>\n<p style=\"text-align: justify;\">\u00a0<\/p>\n<p style=\"text-align: justify;\">Los visitantes mostraron inter\u00e9s en invertir en Nicaragua en el sector energ\u00e9tico. La empresa germana EEP tiene inversiones en todo el mundo y se especializa en producci\u00f3n de energ\u00eda limpia, con proyectos renovables y ecol\u00f3gicamente sostenibles.<\/p>\n<p style=\"text-align: justify;\">\u00abComo AmCham estamos promoviendo la inversi\u00f3n extranjera. Nuestro pa\u00eds es atractivo para la inversi\u00f3n cuando hay oportunidades para desarrollar sectores como la energ\u00eda renovable, y consideramos que EEP tiene un gran inter\u00e9s en promover la generaci\u00f3n de energ\u00eda e\u00f3lica y posiblemente energ\u00eda solar a diferentes escalas.<\/p>\n<p style=\"text-align: justify;\">Eso vendr\u00eda a ayudar a las pol\u00edticas p\u00fablicas orientadas al cambio de la matriz energ\u00e9tica para ir progresivamente dependiendo cada vez menos de la generaci\u00f3n con hidrocarburos, lo que ayudar\u00eda a promover el cuido al medio ambiente y al aprovechamiento de los enormes recursos naturales que posee Nicaragua\u00bb, dijo Molina al concluir la reuni\u00f3n que se efectu\u00f3 en las oficinas de la instituci\u00f3n que preside.<\/p>\n<p style=\"text-align: justify;\">Los representantes de EEP sostuvieron igualmente reuniones con autoridades de gobierno y realizaron visitas a los diferentes proyectos en ejecuci\u00f3n de generaci\u00f3n de energ\u00eda renovable que existen en el pa\u00eds, y expresaron su optimismo en poder impulsar la inversi\u00f3n en el sector energ\u00e9tico, lo que beneficiar\u00e1 tanto al sector privado como al sector p\u00fablico, a la vez que se generar\u00e1n empleos productivos.<\/p>\n<p style=\"text-align: justify;\">Para mayor informaci\u00f3n sobre la empresa EEP, ingresar a la p\u00e1gina web:<\/p>\n<p style=\"text-align: justify;\">\u00a0<\/p>\n<p style=\"text-align: justify;\"><a href=\"http:\/\/www.dena.de\/en\/\"><span style=\"text-decoration: underline;\"><span style=\"color: #0000ff; font-size: small;\"><span style=\"color: #0000ff; font-size: small;\"><span style=\"text-decoration: underline;\"><span style=\"color: #0000ff; font-size: small;\"><span style=\"color: #0000ff; font-size: small;\"><span>http:\/\/www.dena.de\/en\/<\/span><\/span><\/span><\/span><\/span><span style=\"text-decoration: underline;\">\u00a0<\/span><\/span><\/span><\/a><\/p>\n","protected":false},"excerpt":{"rendered":"<p>\u00a0 El presidente de la Junta Directiva de la C\u00e1mara de Comercio Americana de Nicaragua, doctor Yal\u00ed Molina Palacios, se reuni\u00f3 ayer con representantes de la empresa alemana Erneurbare Energie Projekte (EEP), presididos por el director corporativo Andreas Leffingrrhausen. \u00a0 Los visitantes mostraron inter\u00e9s en invertir en Nicaragua en el sector energ\u00e9tico. La empresa germana [&hellip;]<\/p>\n","protected":false},"author":1,"featured_media":900,"comment_status":"open","ping_status":"open","sticky":false,"template":"","format":"standard","meta":{"om_disable_all_campaigns":false,"_monsterinsights_skip_tracking":false,"_monsterinsights_sitenote_active":false,"_monsterinsights_sitenote_note":"","_monsterinsights_sitenote_category":0,"footnotes":""},"categories":[4],"tags":[],"class_list":["post-892","post","type-post","status-publish","format-standard","has-post-thumbnail","hentry","category-economia"],"aioseo_notices":[],"_links":{"self":[{"href":"https:\/\/elcronistadigital.com\/index.php?rest_route=\/wp\/v2\/posts\/892","targetHints":{"allow":["GET"]}}],"collection":[{"href":"https:\/\/elcronistadigital.com\/index.php?rest_route=\/wp\/v2\/posts"}],"about":[{"href":"https:\/\/elcronistadigital.com\/index.php?rest_route=\/wp\/v2\/types\/post"}],"author":[{"embeddable":true,"href":"https:\/\/elcronistadigital.com\/index.php?rest_route=\/wp\/v2\/users\/1"}],"replies":[{"embeddable":true,"href":"https:\/\/elcronistadigital.com\/index.php?rest_route=%2Fwp%2Fv2%2Fcomments&post=892"}],"version-history":[{"count":6,"href":"https:\/\/elcronistadigital.com\/index.php?rest_route=\/wp\/v2\/posts\/892\/revisions"}],"predecessor-version":[{"id":902,"href":"https:\/\/elcronistadigital.com\/index.php?rest_route=\/wp\/v2\/posts\/892\/revisions\/902"}],"wp:featuredmedia":[{"embeddable":true,"href":"https:\/\/elcronistadigital.com\/index.php?rest_route=\/wp\/v2\/media\/900"}],"wp:attachment":[{"href":"https:\/\/elcronistadigital.com\/index.php?rest_route=%2Fwp%2Fv2%2Fmedia&parent=892"}],"wp:term":[{"taxonomy":"category","embeddable":true,"href":"https:\/\/elcronistadigital.com\/index.php?rest_route=%2Fwp%2Fv2%2Fcategories&post=892"},{"taxonomy":"post_tag","embeddable":true,"href":"https:\/\/elcronistadigital.com\/index.php?rest_route=%2Fwp%2Fv2%2Ftags&post=892"}],"curies":[{"name":"wp","href":"https:\/\/api.w.org\/{rel}","templated":true}]}}