{"id":9294,"date":"2012-08-20T10:51:50","date_gmt":"2012-08-20T16:51:50","guid":{"rendered":"http:\/\/elcronistadigital.com\/?p=9294"},"modified":"2012-08-20T10:51:50","modified_gmt":"2012-08-20T16:51:50","slug":"lucha-contra-el-narco-cambio-de-estrategia","status":"publish","type":"post","link":"https:\/\/elcronistadigital.com\/?p=9294","title":{"rendered":"Lucha contra el narco: cambio de estrategia"},"content":{"rendered":"<p><a href=\"https:\/\/elcronistadigital.com\/?attachment_id=9295\" rel=\"attachment wp-att-9295\"><img loading=\"lazy\" decoding=\"async\" class=\"alignleft size-medium wp-image-9295\" title=\"Narcos en M\u00e9xico\" src=\"https:\/\/elcronistadigital.com\/wp-content\/uploads\/2012\/08\/Narcos-en-M\u00e9xico-300x199.jpg\" alt=\"\" width=\"300\" height=\"199\" srcset=\"https:\/\/elcronistadigital.com\/wp-content\/uploads\/2012\/08\/Narcos-en-M\u00e9xico-300x199.jpg 300w, https:\/\/elcronistadigital.com\/wp-content\/uploads\/2012\/08\/Narcos-en-M\u00e9xico-342x227.jpg 342w, https:\/\/elcronistadigital.com\/wp-content\/uploads\/2012\/08\/Narcos-en-M\u00e9xico.jpg 448w\" sizes=\"auto, (max-width: 300px) 100vw, 300px\" \/><\/a>Rub\u00e9n Aguilar Valenzuela<\/p>\n<p>Todos los presidentes de M\u00e9xico han combatido al narcotr\u00e1fico y al crimen organizado, pero cada uno ha adoptado estrategias distintas para hacerlo. El presidente Felipe Calder\u00f3n eligi\u00f3 el camino de la \u201cguerra\u201d. A lo largo del sexenio se ha mantenido en ella y los resultados no parecen ser buenos.<\/p>\n<p>El virtual presidente constitucional, Enrique Pe\u00f1a Nieto, ha delineado de manera general cu\u00e1l ser\u00eda su estrategia en la reuni\u00f3n que tuvo con los presidentes municipales electos del Revolucionario Institucional, el pasado 16 de agosto. Su propuesta resulta distinta a la seguida por Calder\u00f3n.<\/p>\n<p>La premisa central de la alternativa delineada por Pe\u00f1a Nieto, para enfrentar la violencia y reducir de \u201cmanera significativa\u201d los homicidios, secuestros y extorsiones, es que no se puede recurrir s\u00f3lo al camino de la \u201cfuerza\u201d, que ha sido el punto central de la estrategia asumida por el actual gobierno.<\/p>\n<p>A partir del deslinde de la \u201cfuerza\u201d como el eje articulador de la estrategia se derivan una serie de l\u00edneas de acci\u00f3n que Pe\u00f1a Nieto dio a conocer en esa misma reuni\u00f3n con el compromiso de que en unas semanas presentar\u00e1 un plan acabado de la propuesta a implementar en su gobierno.<\/p>\n<p>De lo dicho se ve que la estrategia contempla un enfoque integral que da la misma importancia a la polic\u00eda y los \u00f3rganos de seguridad del Estado, que al fortalecimiento del sistema judicial y la ampliaci\u00f3n de las acciones que contempla la pol\u00edtica social.<\/p>\n<p>Un ejemplo de \u00e9stas ser\u00eda construir un sistema educativo de calidad que garantice establecer la jornada completa en las escuelas para que los estudiantes \u201cpasen mayor tiempo en las aulas que en las calles\u201d y est\u00e9n mejor preparados para participar en el mercado del trabajo.<\/p>\n<p>Se habla tambi\u00e9n de fortalecer los acuerdos y los mecanismos de cooperaci\u00f3n en seguridad de los tres niveles de gobierno y tambi\u00e9n avanzar en la creaci\u00f3n de \u201cpolic\u00edas estatales \u00fanicas para evitar la actual dispersi\u00f3n y fragmentaci\u00f3n de las polic\u00edas municipales\u201d.<\/p>\n<p>El plan contempla duplicar los efectivos de la Polic\u00eda Federal para colaborar de manera permanente en la lucha contra el crimen organizado en los estados y municipios, y prioriza los esfuerzos en los m\u00e1s violentos y con mayor riesgo.<\/p>\n<p>La propuesta busca fortalecer el sistema de impartici\u00f3n de la justicia y disminuir la impunidad como tambi\u00e9n acelerar la instauraci\u00f3n de los juicios orales y modernizar el sistema penitenciario para evitar que se \u201cconvierta en una escuela del crimen\u201d.<\/p>\n<p>El cambio de la estrategia centrada s\u00f3lo en la \u201cfuerza\u201d que ha resultado un fracaso es urgente y alentador que el nuevo gobierno contemple otra manera de hacer frente al problema del narcotr\u00e1fico y el crimen organizado. Habr\u00e1, con todo, que analizar con cuidado cuando se d\u00e9 a conocer la estrategia ya acabada.<\/p>\n","protected":false},"excerpt":{"rendered":"<p>Rub\u00e9n Aguilar Valenzuela Todos los presidentes de M\u00e9xico han combatido al narcotr\u00e1fico y al crimen organizado, pero cada uno ha adoptado estrategias distintas para hacerlo. El presidente Felipe Calder\u00f3n eligi\u00f3 el camino de la \u201cguerra\u201d. A lo largo del sexenio se ha mantenido en ella y los resultados no parecen ser buenos. El virtual presidente [&hellip;]<\/p>\n","protected":false},"author":1,"featured_media":9295,"comment_status":"open","ping_status":"open","sticky":false,"template":"","format":"standard","meta":{"om_disable_all_campaigns":false,"_monsterinsights_skip_tracking":false,"_monsterinsights_sitenote_active":false,"_monsterinsights_sitenote_note":"","_monsterinsights_sitenote_category":0,"footnotes":""},"categories":[12],"tags":[],"class_list":["post-9294","post","type-post","status-publish","format-standard","has-post-thumbnail","hentry","category-blugs"],"aioseo_notices":[],"_links":{"self":[{"href":"https:\/\/elcronistadigital.com\/index.php?rest_route=\/wp\/v2\/posts\/9294","targetHints":{"allow":["GET"]}}],"collection":[{"href":"https:\/\/elcronistadigital.com\/index.php?rest_route=\/wp\/v2\/posts"}],"about":[{"href":"https:\/\/elcronistadigital.com\/index.php?rest_route=\/wp\/v2\/types\/post"}],"author":[{"embeddable":true,"href":"https:\/\/elcronistadigital.com\/index.php?rest_route=\/wp\/v2\/users\/1"}],"replies":[{"embeddable":true,"href":"https:\/\/elcronistadigital.com\/index.php?rest_route=%2Fwp%2Fv2%2Fcomments&post=9294"}],"version-history":[{"count":3,"href":"https:\/\/elcronistadigital.com\/index.php?rest_route=\/wp\/v2\/posts\/9294\/revisions"}],"predecessor-version":[{"id":9299,"href":"https:\/\/elcronistadigital.com\/index.php?rest_route=\/wp\/v2\/posts\/9294\/revisions\/9299"}],"wp:featuredmedia":[{"embeddable":true,"href":"https:\/\/elcronistadigital.com\/index.php?rest_route=\/wp\/v2\/media\/9295"}],"wp:attachment":[{"href":"https:\/\/elcronistadigital.com\/index.php?rest_route=%2Fwp%2Fv2%2Fmedia&parent=9294"}],"wp:term":[{"taxonomy":"category","embeddable":true,"href":"https:\/\/elcronistadigital.com\/index.php?rest_route=%2Fwp%2Fv2%2Fcategories&post=9294"},{"taxonomy":"post_tag","embeddable":true,"href":"https:\/\/elcronistadigital.com\/index.php?rest_route=%2Fwp%2Fv2%2Ftags&post=9294"}],"curies":[{"name":"wp","href":"https:\/\/api.w.org\/{rel}","templated":true}]}}