{"id":9545,"date":"2012-08-26T12:31:07","date_gmt":"2012-08-26T18:31:07","guid":{"rendered":"http:\/\/elcronistadigital.com\/?p=9545"},"modified":"2012-08-26T12:34:41","modified_gmt":"2012-08-26T18:34:41","slug":"son-de-televisa","status":"publish","type":"post","link":"https:\/\/elcronistadigital.com\/?p=9545","title":{"rendered":"\u00a1Son de Televisa!"},"content":{"rendered":"<div id=\"attachment_9547\" style=\"width: 210px\" class=\"wp-caption alignleft\"><a href=\"https:\/\/elcronistadigital.com\/?attachment_id=9547\" rel=\"attachment wp-att-9547\"><img loading=\"lazy\" decoding=\"async\" aria-describedby=\"caption-attachment-9547\" class=\"size-full wp-image-9547\" title=\"Javier_Alatorre\" src=\"https:\/\/elcronistadigital.com\/wp-content\/uploads\/2012\/08\/Javier_Alatorre.jpg\" alt=\"\" width=\"200\" height=\"200\" srcset=\"https:\/\/elcronistadigital.com\/wp-content\/uploads\/2012\/08\/Javier_Alatorre.jpg 200w, https:\/\/elcronistadigital.com\/wp-content\/uploads\/2012\/08\/Javier_Alatorre-150x150.jpg 150w, https:\/\/elcronistadigital.com\/wp-content\/uploads\/2012\/08\/Javier_Alatorre-50x50.jpg 50w, https:\/\/elcronistadigital.com\/wp-content\/uploads\/2012\/08\/Javier_Alatorre-70x70.jpg 70w, https:\/\/elcronistadigital.com\/wp-content\/uploads\/2012\/08\/Javier_Alatorre-55x55.jpg 55w\" sizes=\"auto, (max-width: 200px) 100vw, 200px\" \/><\/a><p id=\"caption-attachment-9547\" class=\"wp-caption-text\">Javier Alatorre, presunto primo de Raquel Alatorre, la jefa del grupo narco ligado a Televisa, detenido en Nicaragua.<\/p><\/div>\n<p>Oscar Merlo<\/p>\n<p>Podemos confirmar que Raquel Alatorre Correa y al menos tres o cuatro de los detenidos en las seis Van que ingresaron a Nicaragua el pasado lunes por un punto fronterizo con Honduras, son trabajadores de Televisa, el gigante de la televisi\u00f3n mexicana que no sabemos c\u00f3mo explicar\u00e1 esto.<\/p>\n<p>Alatorre, de quien en alg\u00fan momento se crey\u00f3 que viajaba con nombre falso, es en realidad la persona que reflejan su pasaporte y otros documentos de identificaci\u00f3n.<\/p>\n<p>Cuando fue presentada ante los periodistas, grit\u00f3 que quer\u00eda ser juzgada en Nicaragua para no meter en problemas \u201ca su familia\u201d.<\/p>\n<p>Raquel es una persona con influencia en la televisora donde trabaja debido a que es familiar (prima) de Javier Alatorre Soria, uno de los dandis de TV Azteca, la empresa de televisi\u00f3n que fue rival de Televisa durante muchos a\u00f1os hasta que en 2011 entraron en alianzas en el negocio de la venta de servicios a trav\u00e9s de celulares.<\/p>\n<p>Javier Alatorre Soria, de 51 a\u00f1os, conduce el espacio noticioso \u201cHechos\u201d y se mueve en los altos c\u00edrculos sociales mexicanos. Existen publicaciones en internet que le adjudican una muy estrecha relaci\u00f3n con un influyente millonario de la naci\u00f3n azteca.<\/p>\n<p>\u201cAlgunos de ellos declararon aqu\u00ed que son empleados de Televisa, lo que fue confirmado por autoridades mexicanas que dicen investigar\u00e1n a dicha empresa, pese al indudable poder que tiene dentro de la sociedad de ese pa\u00eds\u201d, dijo nuestra fuente.<\/p>\n<p>Agreg\u00f3 que ser\u00e1 algo dif\u00edcil por el poder\u00edo de Televisa y su propietario Emilio Azc\u00e1rraga, lo que ya se est\u00e1 haciendo notar con la negativa a aceptar p\u00fablicamente que Raquel Alatorre Correa y varios m\u00e1s de los narcos detenidos son empleados suyos.<\/p>\n<p>\u201cTelevisa tendr\u00e1 tambi\u00e9n que explicar c\u00f3mo es que se le \u2018perdieron\u2019 seis de sus m\u00f3viles a como dicen ahora, y si hab\u00eda reportado esa p\u00e9rdida a la Polic\u00eda mexicana\u201d, se\u00f1al\u00f3 nuestro informante.<\/p>\n<div id=\"attachment_9548\" style=\"width: 308px\" class=\"wp-caption alignright\"><a href=\"https:\/\/elcronistadigital.com\/?attachment_id=9548\" rel=\"attachment wp-att-9548\"><img loading=\"lazy\" decoding=\"async\" aria-describedby=\"caption-attachment-9548\" class=\"size-full wp-image-9548\" title=\"Raquel Alatorre1\" src=\"https:\/\/elcronistadigital.com\/wp-content\/uploads\/2012\/08\/Raquel-Alatorre1.jpg\" alt=\"\" width=\"298\" height=\"200\" \/><\/a><p id=\"caption-attachment-9548\" class=\"wp-caption-text\">En primer plano Raquel Alatorre, la supuesta jefa de la banda narco de mexicanos.<\/p><\/div>\n<p>\u201cNada es falso en las seis Van, los logos, los equipos, todo es de Televisa\u201d, se\u00f1al\u00f3 nuestro informante.<\/p>\n<p>Lo anterior vendr\u00eda a explicar la facilidad con que estos veh\u00edculos de Televisa se movilizaban por Centroam\u00e9rica sin ser descubiertos desde hace un par de a\u00f1os y si ya hab\u00edan realizado varios viajes a nuestro pa\u00eds, de seguro metieron dinero y sacaron droga.<\/p>\n<p>Es decir, no era una \u201cfalsa caravana de Televisa\u201d como se ha venido diciendo en nuestro pa\u00eds, es efectivamente un convoy de veh\u00edculos de la empresa televisora mexicana con gente ligada al narcotr\u00e1fico internacional que ha incursionado legalmente en varias ocasiones a Nicaragua y otros pa\u00edses de la regi\u00f3n.<\/p>\n<p>En esta ocasi\u00f3n fueron detenidos debido a una llamada an\u00f3nima que alert\u00f3 a nuestras autoridades sobre la peligrosidad de la caravana de Van con insignias de Televisa que entrar\u00eda nuevamente a Nicaragua desde Honduras.<\/p>\n","protected":false},"excerpt":{"rendered":"<p>Oscar Merlo Podemos confirmar que Raquel Alatorre Correa y al menos tres o cuatro de los detenidos en las seis Van que ingresaron a Nicaragua el pasado lunes por un punto fronterizo con Honduras, son trabajadores de Televisa, el gigante de la televisi\u00f3n mexicana que no sabemos c\u00f3mo explicar\u00e1 esto. Alatorre, de quien en alg\u00fan [&hellip;]<\/p>\n","protected":false},"author":1,"featured_media":9547,"comment_status":"open","ping_status":"open","sticky":false,"template":"","format":"standard","meta":{"om_disable_all_campaigns":false,"_monsterinsights_skip_tracking":false,"_monsterinsights_sitenote_active":false,"_monsterinsights_sitenote_note":"","_monsterinsights_sitenote_category":0,"footnotes":""},"categories":[3,13],"tags":[],"class_list":["post-9545","post","type-post","status-publish","format-standard","has-post-thumbnail","hentry","category-nacionales","category-portada"],"aioseo_notices":[],"_links":{"self":[{"href":"https:\/\/elcronistadigital.com\/index.php?rest_route=\/wp\/v2\/posts\/9545","targetHints":{"allow":["GET"]}}],"collection":[{"href":"https:\/\/elcronistadigital.com\/index.php?rest_route=\/wp\/v2\/posts"}],"about":[{"href":"https:\/\/elcronistadigital.com\/index.php?rest_route=\/wp\/v2\/types\/post"}],"author":[{"embeddable":true,"href":"https:\/\/elcronistadigital.com\/index.php?rest_route=\/wp\/v2\/users\/1"}],"replies":[{"embeddable":true,"href":"https:\/\/elcronistadigital.com\/index.php?rest_route=%2Fwp%2Fv2%2Fcomments&post=9545"}],"version-history":[{"count":4,"href":"https:\/\/elcronistadigital.com\/index.php?rest_route=\/wp\/v2\/posts\/9545\/revisions"}],"predecessor-version":[{"id":9551,"href":"https:\/\/elcronistadigital.com\/index.php?rest_route=\/wp\/v2\/posts\/9545\/revisions\/9551"}],"wp:featuredmedia":[{"embeddable":true,"href":"https:\/\/elcronistadigital.com\/index.php?rest_route=\/wp\/v2\/media\/9547"}],"wp:attachment":[{"href":"https:\/\/elcronistadigital.com\/index.php?rest_route=%2Fwp%2Fv2%2Fmedia&parent=9545"}],"wp:term":[{"taxonomy":"category","embeddable":true,"href":"https:\/\/elcronistadigital.com\/index.php?rest_route=%2Fwp%2Fv2%2Fcategories&post=9545"},{"taxonomy":"post_tag","embeddable":true,"href":"https:\/\/elcronistadigital.com\/index.php?rest_route=%2Fwp%2Fv2%2Ftags&post=9545"}],"curies":[{"name":"wp","href":"https:\/\/api.w.org\/{rel}","templated":true}]}}