{"id":9697,"date":"2012-08-30T09:36:01","date_gmt":"2012-08-30T15:36:01","guid":{"rendered":"http:\/\/elcronistadigital.com\/?p=9697"},"modified":"2012-08-30T09:36:01","modified_gmt":"2012-08-30T15:36:01","slug":"la-virgen-del-sueno-americano","status":"publish","type":"post","link":"https:\/\/elcronistadigital.com\/?p=9697","title":{"rendered":"La virgen \u201cdel sue\u00f1o americano\u201d"},"content":{"rendered":"<div id=\"attachment_9698\" style=\"width: 310px\" class=\"wp-caption alignleft\"><a href=\"https:\/\/elcronistadigital.com\/?attachment_id=9698\" rel=\"attachment wp-att-9698\"><img loading=\"lazy\" decoding=\"async\" aria-describedby=\"caption-attachment-9698\" class=\"size-medium wp-image-9698\" title=\"virgen del rocio\" src=\"https:\/\/elcronistadigital.com\/wp-content\/uploads\/2012\/08\/virgen-del-rocio-300x225.jpg\" alt=\"\" width=\"300\" height=\"225\" srcset=\"https:\/\/elcronistadigital.com\/wp-content\/uploads\/2012\/08\/virgen-del-rocio-300x225.jpg 300w, https:\/\/elcronistadigital.com\/wp-content\/uploads\/2012\/08\/virgen-del-rocio-342x256.jpg 342w, https:\/\/elcronistadigital.com\/wp-content\/uploads\/2012\/08\/virgen-del-rocio-60x45.jpg 60w, https:\/\/elcronistadigital.com\/wp-content\/uploads\/2012\/08\/virgen-del-rocio-150x113.jpg 150w, https:\/\/elcronistadigital.com\/wp-content\/uploads\/2012\/08\/virgen-del-rocio-269x201.jpg 269w, https:\/\/elcronistadigital.com\/wp-content\/uploads\/2012\/08\/virgen-del-rocio.jpg 490w\" sizes=\"auto, (max-width: 300px) 100vw, 300px\" \/><\/a><p id=\"caption-attachment-9698\" class=\"wp-caption-text\">Imagen de la Virgen del Roc\u00edo.<\/p><\/div>\n<p>Desconocida completamente en nuestro pa\u00eds, ya tiene devotos nicarag\u00fcenses en Estados Unidos gracias al fervor con que la tratan los migrantes ecuatorianos. La Virgen del Roc\u00edo cuenta tambi\u00e9n con una fiesta anual en Brooklyn, donde participan latinos de diversas nacionalidades.<\/p>\n<p>Todo arranca con la tradici\u00f3n de inmigrantes ecuatorianos de encomendarse a la Virgen del Roc\u00edo al cruzar fronteras en busca del sue\u00f1o americano. Eso motiv\u00f3 a otros latinos a venerarla en una fiesta anual que congrega a m\u00e1s de mil fieles.<\/p>\n<p>Seg\u00fan creyentes, la veneraci\u00f3n de la Virgen del Roc\u00edo inici\u00f3 hace m\u00e1s de un siglo cuando una sequ\u00eda azot\u00f3 al poblado de Bibli\u00e1n, en Ecuador. Residentes pidieron a la imagen un milagro y el resultado fue una intensa lluvia que reverdeci\u00f3 el campo.<\/p>\n<p>Hace ocho a\u00f1os, oriundos de Bibli\u00e1n, iniciaron una vigilia en Brooklyn para agradecer los milagros de la \u00abVirgen del Inmigrante\u00bb, que seg\u00fan devotos, bendice el viaje de los ecuatorianos que parten a Nueva York.<\/p>\n<p>Jos\u00e9 Sanango, coordinador del Coro de la Virgen del Roc\u00edo, coment\u00f3 que 15 familias ecuatorianas se unieron para traer a la Gran Manzana una imagen de la virgen fabricada por artesanos.<\/p>\n<p>Desde agosto de 2004, la estatuilla gana devotos de otros pa\u00edses, especialmente de Per\u00fa, Chile y Nicaragua.<\/p>\n<p>\u00abInmigrantes de Bibli\u00e1n se encomiendan a nuestra madre del Roc\u00edo para salir bien librados del cruce de fronteras. Es una tradici\u00f3n que se extendi\u00f3 por sus milagros\u00bb, coment\u00f3 Sanango.<\/p>\n<p>El 7 de septiembre, en la iglesia de Nuestra Se\u00f1ora de la Paz, situada en 522 de Carroll Street, los feligreses honrar\u00e1n de 7 p.m. a 12 a.m. a su Virgen del Inmigrante con unas ma\u00f1anitas. El festejo se extender\u00e1 hasta el 9 de septiembre, con una procesi\u00f3n y un programa de m\u00fasica y danza ecuatoriana.<\/p>\n<p>\u00abTener una virgen consagrada a los inmigrantes nos llena de orgullo\u00bb, apunt\u00f3 Sanango.<\/p>\n","protected":false},"excerpt":{"rendered":"<p>Desconocida completamente en nuestro pa\u00eds, ya tiene devotos nicarag\u00fcenses en Estados Unidos gracias al fervor con que la tratan los migrantes ecuatorianos. La Virgen del Roc\u00edo cuenta tambi\u00e9n con una fiesta anual en Brooklyn, donde participan latinos de diversas nacionalidades. Todo arranca con la tradici\u00f3n de inmigrantes ecuatorianos de encomendarse a la Virgen del Roc\u00edo [&hellip;]<\/p>\n","protected":false},"author":1,"featured_media":9698,"comment_status":"open","ping_status":"open","sticky":false,"template":"","format":"standard","meta":{"om_disable_all_campaigns":false,"_monsterinsights_skip_tracking":false,"_monsterinsights_sitenote_active":false,"_monsterinsights_sitenote_note":"","_monsterinsights_sitenote_category":0,"footnotes":""},"categories":[3,16],"tags":[],"class_list":["post-9697","post","type-post","status-publish","format-standard","has-post-thumbnail","hentry","category-nacionales","category-migrante"],"aioseo_notices":[],"_links":{"self":[{"href":"https:\/\/elcronistadigital.com\/index.php?rest_route=\/wp\/v2\/posts\/9697","targetHints":{"allow":["GET"]}}],"collection":[{"href":"https:\/\/elcronistadigital.com\/index.php?rest_route=\/wp\/v2\/posts"}],"about":[{"href":"https:\/\/elcronistadigital.com\/index.php?rest_route=\/wp\/v2\/types\/post"}],"author":[{"embeddable":true,"href":"https:\/\/elcronistadigital.com\/index.php?rest_route=\/wp\/v2\/users\/1"}],"replies":[{"embeddable":true,"href":"https:\/\/elcronistadigital.com\/index.php?rest_route=%2Fwp%2Fv2%2Fcomments&post=9697"}],"version-history":[{"count":3,"href":"https:\/\/elcronistadigital.com\/index.php?rest_route=\/wp\/v2\/posts\/9697\/revisions"}],"predecessor-version":[{"id":9701,"href":"https:\/\/elcronistadigital.com\/index.php?rest_route=\/wp\/v2\/posts\/9697\/revisions\/9701"}],"wp:featuredmedia":[{"embeddable":true,"href":"https:\/\/elcronistadigital.com\/index.php?rest_route=\/wp\/v2\/media\/9698"}],"wp:attachment":[{"href":"https:\/\/elcronistadigital.com\/index.php?rest_route=%2Fwp%2Fv2%2Fmedia&parent=9697"}],"wp:term":[{"taxonomy":"category","embeddable":true,"href":"https:\/\/elcronistadigital.com\/index.php?rest_route=%2Fwp%2Fv2%2Fcategories&post=9697"},{"taxonomy":"post_tag","embeddable":true,"href":"https:\/\/elcronistadigital.com\/index.php?rest_route=%2Fwp%2Fv2%2Ftags&post=9697"}],"curies":[{"name":"wp","href":"https:\/\/api.w.org\/{rel}","templated":true}]}}